{"id":76,"date":"2016-11-23T01:12:45","date_gmt":"2016-11-23T03:12:45","guid":{"rendered":"http:\/\/extensao.ifg.edu.br\/presencriearte\/?p=76"},"modified":"2016-11-23T01:13:03","modified_gmt":"2016-11-23T03:13:03","slug":"76","status":"publish","type":"post","link":"https:\/\/extensao.ifg.edu.br\/presencriearte\/2016\/11\/23\/76\/","title":{"rendered":"Duo Bel\u00e9m Bras\u00edlia"},"content":{"rendered":"<p>O Duo Bel\u00e9m Bras\u00edlia, formado por Welder Rodrigues (flauta) e Marcos Cohen (clarineta) estreou em 2015, na primeira edi\u00e7\u00e3o do programa Conex\u00f5es Camer\u00edsticas, em Bras\u00edlia e, desde ent\u00e3o, vem realizando pesquisa de repert\u00f3rio\u00a0para a forma\u00e7\u00e3o.\u00a0O espet\u00e1culo re\u00fane obras de compositores brasileiros e estrangeiros para a forma\u00e7\u00e3o, bem como pe\u00e7as solo para flauta e clarineta.<\/p>\n<p>O Duo Bel\u00e9m Bras\u00edlia se apresentou no teatro do campus ifg An\u00e1polis no dia 18 de novembro de 2016. A apresenta\u00e7\u00e3o iniciou com uma pe\u00e7a dividida em 6, em seguida houve o solo da flauta e o solo da clarineta, finalizando com a apresenta\u00e7\u00e3o do dueto da compositora italiana Alba Rosa e com choros do Vila Lobos.<\/p>\n<p><img loading=\"lazy\" decoding=\"async\" class=\"alignnone size-full wp-image-77\" src=\"http:\/\/extensao.ifg.edu.br\/presencriearte\/wp-content\/uploads\/sites\/4\/2016\/11\/WhatsApp-Image-2016-11-19-at-19.08.21.jpeg\" alt=\"whatsapp-image-2016-11-19-at-19-08-21\" width=\"1280\" height=\"960\" \/> <img loading=\"lazy\" decoding=\"async\" class=\"size-medium wp-image-78 aligncenter\" src=\"http:\/\/extensao.ifg.edu.br\/presencriearte\/wp-content\/uploads\/sites\/4\/2016\/11\/WhatsApp-Image-2016-11-19-at-19.08.24.jpeg\" alt=\"whatsapp-image-2016-11-19-at-19-08-24\" width=\"300\" height=\"225\" \/><\/p>\n","protected":false},"excerpt":{"rendered":"<p>O Duo Bel\u00e9m Bras\u00edlia, formado por Welder Rodrigues (flauta) e Marcos Cohen (clarineta) estreou em 2015, na primeira edi\u00e7\u00e3o do programa Conex\u00f5es Camer\u00edsticas, em Bras\u00edlia e, desde ent\u00e3o, vem realizando pesquisa de repert\u00f3rio\u00a0para a forma\u00e7\u00e3o.\u00a0O espet\u00e1culo re\u00fane obras de compositores brasileiros e estrangeiros para a forma\u00e7\u00e3o, bem como pe\u00e7as solo para flauta e clarineta. O [&hellip;]<\/p>\n","protected":false},"author":12,"featured_media":77,"comment_status":"open","ping_status":"open","sticky":false,"template":"","format":"standard","meta":{"_links_to":"","_links_to_type":0,"footnotes":""},"categories":[1],"tags":[],"class_list":["post-76","post","type-post","status-publish","format-standard","has-post-thumbnail","hentry","category-sem-categoria"],"_links":{"self":[{"href":"https:\/\/extensao.ifg.edu.br\/presencriearte\/wp-json\/wp\/v2\/posts\/76"}],"collection":[{"href":"https:\/\/extensao.ifg.edu.br\/presencriearte\/wp-json\/wp\/v2\/posts"}],"about":[{"href":"https:\/\/extensao.ifg.edu.br\/presencriearte\/wp-json\/wp\/v2\/types\/post"}],"author":[{"embeddable":true,"href":"https:\/\/extensao.ifg.edu.br\/presencriearte\/wp-json\/wp\/v2\/users\/12"}],"replies":[{"embeddable":true,"href":"https:\/\/extensao.ifg.edu.br\/presencriearte\/wp-json\/wp\/v2\/comments?post=76"}],"version-history":[{"count":2,"href":"https:\/\/extensao.ifg.edu.br\/presencriearte\/wp-json\/wp\/v2\/posts\/76\/revisions"}],"predecessor-version":[{"id":80,"href":"https:\/\/extensao.ifg.edu.br\/presencriearte\/wp-json\/wp\/v2\/posts\/76\/revisions\/80"}],"wp:featuredmedia":[{"embeddable":true,"href":"https:\/\/extensao.ifg.edu.br\/presencriearte\/wp-json\/wp\/v2\/media\/77"}],"wp:attachment":[{"href":"https:\/\/extensao.ifg.edu.br\/presencriearte\/wp-json\/wp\/v2\/media?parent=76"}],"wp:term":[{"taxonomy":"category","embeddable":true,"href":"https:\/\/extensao.ifg.edu.br\/presencriearte\/wp-json\/wp\/v2\/categories?post=76"},{"taxonomy":"post_tag","embeddable":true,"href":"https:\/\/extensao.ifg.edu.br\/presencriearte\/wp-json\/wp\/v2\/tags?post=76"}],"curies":[{"name":"wp","href":"https:\/\/api.w.org\/{rel}","templated":true}]}}