{"id":72,"date":"2016-11-23T01:05:53","date_gmt":"2016-11-23T03:05:53","guid":{"rendered":"http:\/\/extensao.ifg.edu.br\/presencriearte\/?p=72"},"modified":"2016-11-23T01:05:53","modified_gmt":"2016-11-23T03:05:53","slug":"grupo-vida-seca","status":"publish","type":"post","link":"https:\/\/extensao.ifg.edu.br\/presencriearte\/2016\/11\/23\/grupo-vida-seca\/","title":{"rendered":"Grupo Vida Seca"},"content":{"rendered":"<p><span style=\"font-weight: 400\">O espet\u00e1culo Som de Sucata, apresentado pelo grupo <strong>Vida Seca<\/strong> no dia 08 de novembro de 2016, foi uma experi\u00eancia musical inusitada e questionadora. Usando instrumentos feitos com materiais reutilizados do lixo e da sucata, o espet\u00e1culo diverte e instiga o p\u00fablico sobre problemas enfrentados por nossa sociedade. Apresentando muita irrever\u00eancia e intera\u00e7\u00f5es com a plat\u00e9ia, Som de Sucata \u00e9 uma experi\u00eancia singular, que viaja pelos ritmos da m\u00fasica popular chegando aos sons da contemporaneidade, dando vida, ao comum e esquecido, som da urbanidade.<\/span><\/p>\n<p><img loading=\"lazy\" decoding=\"async\" class=\"size-full wp-image-73 aligncenter\" src=\"http:\/\/extensao.ifg.edu.br\/presencriearte\/wp-content\/uploads\/sites\/4\/2016\/11\/WhatsApp-Image-2016-11-19-at-19.06.00.jpeg\" alt=\"whatsapp-image-2016-11-19-at-19-06-00\" width=\"1280\" height=\"960\" \/> <img loading=\"lazy\" decoding=\"async\" class=\"size-medium wp-image-74 aligncenter\" src=\"http:\/\/extensao.ifg.edu.br\/presencriearte\/wp-content\/uploads\/sites\/4\/2016\/11\/WhatsApp-Image-2016-11-19-at-19.06.01.jpeg\" alt=\"whatsapp-image-2016-11-19-at-19-06-01\" width=\"300\" height=\"225\" \/><\/p>\n","protected":false},"excerpt":{"rendered":"<p>O espet\u00e1culo Som de Sucata, apresentado pelo grupo Vida Seca no dia 08 de novembro de 2016, foi uma experi\u00eancia musical inusitada e questionadora. Usando instrumentos feitos com materiais reutilizados do lixo e da sucata, o espet\u00e1culo diverte e instiga o p\u00fablico sobre problemas enfrentados por nossa sociedade. Apresentando muita irrever\u00eancia e intera\u00e7\u00f5es com a [&hellip;]<\/p>\n","protected":false},"author":12,"featured_media":0,"comment_status":"open","ping_status":"open","sticky":false,"template":"","format":"standard","meta":{"_links_to":"","_links_to_type":0,"footnotes":""},"categories":[1],"tags":[],"class_list":["post-72","post","type-post","status-publish","format-standard","hentry","category-sem-categoria"],"_links":{"self":[{"href":"https:\/\/extensao.ifg.edu.br\/presencriearte\/wp-json\/wp\/v2\/posts\/72"}],"collection":[{"href":"https:\/\/extensao.ifg.edu.br\/presencriearte\/wp-json\/wp\/v2\/posts"}],"about":[{"href":"https:\/\/extensao.ifg.edu.br\/presencriearte\/wp-json\/wp\/v2\/types\/post"}],"author":[{"embeddable":true,"href":"https:\/\/extensao.ifg.edu.br\/presencriearte\/wp-json\/wp\/v2\/users\/12"}],"replies":[{"embeddable":true,"href":"https:\/\/extensao.ifg.edu.br\/presencriearte\/wp-json\/wp\/v2\/comments?post=72"}],"version-history":[{"count":1,"href":"https:\/\/extensao.ifg.edu.br\/presencriearte\/wp-json\/wp\/v2\/posts\/72\/revisions"}],"predecessor-version":[{"id":75,"href":"https:\/\/extensao.ifg.edu.br\/presencriearte\/wp-json\/wp\/v2\/posts\/72\/revisions\/75"}],"wp:attachment":[{"href":"https:\/\/extensao.ifg.edu.br\/presencriearte\/wp-json\/wp\/v2\/media?parent=72"}],"wp:term":[{"taxonomy":"category","embeddable":true,"href":"https:\/\/extensao.ifg.edu.br\/presencriearte\/wp-json\/wp\/v2\/categories?post=72"},{"taxonomy":"post_tag","embeddable":true,"href":"https:\/\/extensao.ifg.edu.br\/presencriearte\/wp-json\/wp\/v2\/tags?post=72"}],"curies":[{"name":"wp","href":"https:\/\/api.w.org\/{rel}","templated":true}]}}