{"id":13,"date":"2018-12-13T09:07:37","date_gmt":"2018-12-13T11:07:37","guid":{"rendered":"http:\/\/extensao.ifg.edu.br\/mapeamentocultural\/?p=13"},"modified":"2018-12-13T09:07:37","modified_gmt":"2018-12-13T11:07:37","slug":"13","status":"publish","type":"post","link":"https:\/\/extensao.ifg.edu.br\/mapeamentocultural\/2018\/12\/13\/13\/","title":{"rendered":""},"content":{"rendered":"<h5 class=\"western\" style=\"text-align: center\" align=\"justify\"><span style=\"color: #000000\"><span style=\"font-family: Arial, sans-serif\"><span style=\"font-size: small\">Vila Boa, primeira capital do estado de Goi\u00e1s \u00e9 desde sua constitui\u00e7\u00e3o ber\u00e7o cultural de nosso estado. <\/span><\/span><span style=\"font-family: Arial, sans-serif\"><span style=\"font-size: small\">Hoje tombada <\/span><\/span><span style=\"font-family: Arial, sans-serif\"><span style=\"font-size: small\">como <\/span><\/span><span style=\"font-family: Arial, sans-serif\"><span style=\"font-size: small\">Patrim\u00f4nio Hist\u00f3rico e Cultural Mundial<\/span><\/span><span style=\"font-family: Arial, sans-serif\"><span style=\"font-size: small\"> \u00e9 <\/span><\/span><span style=\"font-family: Arial, sans-serif\"><span style=\"font-size: small\">a cidade com o maior \u00edndice populacional da microrregi\u00e3o do Rio Vermelho e conta com agentes e movimentos culturais que preservam lembran\u00e7as e perpetuam tradi\u00e7\u00f5es. Dentro desta realidade a proposta deste projeto \u00e9 documentar, analisar e mapear produ\u00e7\u00f5es art\u00edsticas e pontos de manifesta\u00e7\u00f5es culturais em todo o munic\u00edpio de Goi\u00e1s. Esta pesquisa pretende ser o ponto de partida para um estudo cont\u00ednuo que sirva de observat\u00f3rio art\u00edstico cultural das produ\u00e7\u00f5es contempor\u00e2neas e das que ainda est\u00e3o por vir no munic\u00edpio. <\/span><\/span><\/span><\/h5>\n<h5 class=\"western\" style=\"text-align: center\" align=\"justify\"><span style=\"font-family: Arial, sans-serif;color: #000000\"><span style=\"font-size: small\">A proposta contempla ainda a cria\u00e7\u00e3o de uma rede de cultura, mapeada digitalmente, conectando pontos de cultura e agentes culturais entre si, com o p\u00fablico vila-boense e os turistas que visitam a regi\u00e3o. Esta etapa garante a portabiliza\u00e7\u00e3o do conte\u00fado, podendo ser acessado diretamente do ponto de arte ou cultura que o indiv\u00edduo esteja visitando ou em qualquer lugar que a pessoa esteja, de qualquer disposit\u00edvo, bastando apenas estar conectado a internet. Atrav\u00e9s de uma estrutura digital on line criada interdisciplinarmente nos laborat\u00f3rios do Instituto Federal o mapeamento poder\u00e1 fornecer informa\u00e7\u00f5es via disposit\u00edvo m\u00f3veis (como celulares e tablets) de qualquer ponto da cidade de Goi\u00e1s para moradores e turistas que buscam por cultura na regi\u00e3o.<br \/>\n<\/span><\/span><\/h5>\n<p class=\"western\" style=\"text-align: center\" align=\"justify\"><span style=\"color: #000000\">\u00a0 \u00a0\u00a0<img loading=\"lazy\" decoding=\"async\" class=\"alignnone  wp-image-14\" src=\"http:\/\/extensao.ifg.edu.br\/mapeamentocultural\/wp-content\/uploads\/sites\/8\/2018\/12\/IFG.png\" alt=\"IFG\" width=\"500\" height=\"287\" \/><\/span><\/p>\n<p style=\"text-align: center\"><span style=\"color: #000000\">Endere\u00e7o:\u00a0Rua 02, Qd. 10, Lts. 1 a 15, Residencial Bauman<\/span><br \/>\n<span style=\"color: #000000\">Cep: 76600-000<\/span><br \/>\n<span style=\"color: #000000\">Cidade de Goi\u00e1s &#8211; Goi\u00e1s<\/span><br \/>\n<span style=\"color: #000000\">Telefone: (62) 3371-9000<\/span><\/p>\n","protected":false},"excerpt":{"rendered":"<p>Vila Boa, primeira capital do estado de Goi\u00e1s \u00e9 desde sua constitui\u00e7\u00e3o ber\u00e7o cultural de nosso estado. Hoje tombada como Patrim\u00f4nio Hist\u00f3rico e Cultural Mundial \u00e9 a cidade com o maior \u00edndice populacional da microrregi\u00e3o do Rio Vermelho e conta com agentes e movimentos culturais que preservam lembran\u00e7as e perpetuam tradi\u00e7\u00f5es. Dentro desta realidade a &hellip; <a href=\"https:\/\/extensao.ifg.edu.br\/mapeamentocultural\/2018\/12\/13\/13\/\" class=\"more-link\">Continuar lendo <span class=\"screen-reader-text\"><\/span><\/a><\/p>\n","protected":false},"author":28,"featured_media":0,"comment_status":"open","ping_status":"open","sticky":false,"template":"","format":"aside","meta":{"_links_to":"","_links_to_type":0,"footnotes":""},"categories":[1],"tags":[],"class_list":["post-13","post","type-post","status-publish","format-aside","hentry","category-sem-categoria","post_format-post-format-aside"],"_links":{"self":[{"href":"https:\/\/extensao.ifg.edu.br\/mapeamentocultural\/wp-json\/wp\/v2\/posts\/13"}],"collection":[{"href":"https:\/\/extensao.ifg.edu.br\/mapeamentocultural\/wp-json\/wp\/v2\/posts"}],"about":[{"href":"https:\/\/extensao.ifg.edu.br\/mapeamentocultural\/wp-json\/wp\/v2\/types\/post"}],"author":[{"embeddable":true,"href":"https:\/\/extensao.ifg.edu.br\/mapeamentocultural\/wp-json\/wp\/v2\/users\/28"}],"replies":[{"embeddable":true,"href":"https:\/\/extensao.ifg.edu.br\/mapeamentocultural\/wp-json\/wp\/v2\/comments?post=13"}],"version-history":[{"count":2,"href":"https:\/\/extensao.ifg.edu.br\/mapeamentocultural\/wp-json\/wp\/v2\/posts\/13\/revisions"}],"predecessor-version":[{"id":16,"href":"https:\/\/extensao.ifg.edu.br\/mapeamentocultural\/wp-json\/wp\/v2\/posts\/13\/revisions\/16"}],"wp:attachment":[{"href":"https:\/\/extensao.ifg.edu.br\/mapeamentocultural\/wp-json\/wp\/v2\/media?parent=13"}],"wp:term":[{"taxonomy":"category","embeddable":true,"href":"https:\/\/extensao.ifg.edu.br\/mapeamentocultural\/wp-json\/wp\/v2\/categories?post=13"},{"taxonomy":"post_tag","embeddable":true,"href":"https:\/\/extensao.ifg.edu.br\/mapeamentocultural\/wp-json\/wp\/v2\/tags?post=13"}],"curies":[{"name":"wp","href":"https:\/\/api.w.org\/{rel}","templated":true}]}}