{"id":208,"date":"2025-06-23T14:49:53","date_gmt":"2025-06-23T17:49:53","guid":{"rendered":"https:\/\/extensao.ifg.edu.br\/futurodigital\/?p=208"},"modified":"2025-06-23T15:17:47","modified_gmt":"2025-06-23T18:17:47","slug":"cronograma-atualizado-do-bolsa-futuro-digital-fique-atento-as-novas-datas","status":"publish","type":"post","link":"https:\/\/extensao.ifg.edu.br\/futurodigital\/2025\/06\/23\/cronograma-atualizado-do-bolsa-futuro-digital-fique-atento-as-novas-datas\/","title":{"rendered":"Cronograma atualizado do Bolsa Futuro Digital \u2013 Fique atento \u00e0s novas datas!"},"content":{"rendered":"\n<p>O cronograma do processo seletivo do <strong>Programa Bolsa Futuro Digital<\/strong> foi ajustado. As mudan\u00e7as impactam especialmente as etapas de <strong>avalia\u00e7\u00e3o dos v\u00eddeos<\/strong>, <strong>divulga\u00e7\u00e3o do resultado final<\/strong>, <strong>per\u00edodo de matr\u00edcula<\/strong> e <strong>in\u00edcio das aulas<\/strong>.<\/p>\n\n\n\n<p>A atualiza\u00e7\u00e3o visa garantir mais tempo para avalia\u00e7\u00e3o e organiza\u00e7\u00e3o das pr\u00f3ximas fases do processo, promovendo uma melhor experi\u00eancia para todos os candidatos.<\/p>\n\n\n\n<p>Confira abaixo o novo cronograma completo e programe-se:<\/p>\n<p>&nbsp;<\/p>\n\n\n\n<figure class=\"wp-block-table\"><table class=\"has-fixed-layout\"><thead><tr><th>Etapa<\/th><th>Data<\/th><\/tr><\/thead><tbody><tr><td>Encerramento do envio do v\u00eddeo<\/td><td>20\/06\/2025<\/td><\/tr><tr><td>Avalia\u00e7\u00e3o dos v\u00eddeos pelos n\u00facleos gestores<\/td><td>21 a 25\/06\/2025<\/td><\/tr><tr><td>Remanejamento dos classificados no teste de l\u00f3gica (se houver vagas n\u00e3o preenchidas)<\/td><td>26\/06\/2025<\/td><\/tr><tr><td>Envio do v\u00eddeo pelos remanejados (se houver)<\/td><td>27 a 29\/06\/2025<\/td><\/tr><tr><td>Avalia\u00e7\u00e3o dos v\u00eddeos dos remanejados (se houver)<\/td><td>30\/06 a 02\/07\/2025<\/td><\/tr><tr><td><strong>Divulga\u00e7\u00e3o do resultado final<\/strong><\/td><td><strong>07\/07\/2025<\/strong><\/td><\/tr><tr><td><strong>Divulga\u00e7\u00e3o dos locais de matr\u00edcula<\/strong><\/td><td><strong>07\/07\/2025<\/strong><\/td><\/tr><tr><td><strong>Matr\u00edcula (1\u00aa chamada)<\/strong><\/td><td><strong>09 a 11\/07\/2025<\/strong><\/td><\/tr><tr><td>Remanejamento da lista de reserva<\/td><td>14 e 15\/07\/2025<\/td><\/tr><tr><td>Matr\u00edcula dos remanejados<\/td><td>16 e 17\/07\/2025<\/td><\/tr><tr><td>Homologa\u00e7\u00e3o das turmas<\/td><td>19\/07\/2025<\/td><\/tr><tr><td><strong>Aula inaugural<\/strong><\/td><td><strong>01\/08\/2025<\/strong><\/td><\/tr><tr><td><strong>In\u00edcio das aulas<\/strong><\/td><td><strong>04\/08\/2025<\/strong><\/td><\/tr><\/tbody><\/table><\/figure>\n\n\n\n<p data-start=\"117\" data-end=\"309\">Refor\u00e7amos que todas as etapas s\u00e3o essenciais para garantir sua participa\u00e7\u00e3o no curso. Fique atento aos prazos e acompanhe todas as atualiza\u00e7\u00f5es na <a class=\"\" href=\"https:\/\/extensao.ifg.edu.br\/futurodigital\/editais-estudantes\/\" rel=\"noopener\" data-start=\"265\" data-end=\"308\">p\u00e1gina oficial do processo seletivo<\/a>.<\/p>\n<p data-start=\"311\" data-end=\"423\">Caso tenha d\u00favidas ou precise de mais informa\u00e7\u00f5es, acesse a <a class=\"\" href=\"https:\/\/extensao.ifg.edu.br\/futurodigital\/contato\/\" rel=\"noopener\" data-start=\"371\" data-end=\"422\">p\u00e1gina de contato do N\u00facleo Gestor de Goi\u00e1s<\/a>.<\/p>\n\n\n\n\n\n\n\n\n\n<figure class=\"wp-block-image size-large\"><img loading=\"lazy\" decoding=\"async\" width=\"819\" height=\"1024\" src=\"https:\/\/extensao.ifg.edu.br\/futurodigital\/wp-content\/uploads\/sites\/33\/2025\/06\/ajuste_cronograma-819x1024.jpeg\" alt=\"\" class=\"wp-image-209\" srcset=\"https:\/\/extensao.ifg.edu.br\/futurodigital\/wp-content\/uploads\/sites\/33\/2025\/06\/ajuste_cronograma-819x1024.jpeg 819w, https:\/\/extensao.ifg.edu.br\/futurodigital\/wp-content\/uploads\/sites\/33\/2025\/06\/ajuste_cronograma-240x300.jpeg 240w, https:\/\/extensao.ifg.edu.br\/futurodigital\/wp-content\/uploads\/sites\/33\/2025\/06\/ajuste_cronograma-768x960.jpeg 768w, https:\/\/extensao.ifg.edu.br\/futurodigital\/wp-content\/uploads\/sites\/33\/2025\/06\/ajuste_cronograma-1228x1536.jpeg 1228w, https:\/\/extensao.ifg.edu.br\/futurodigital\/wp-content\/uploads\/sites\/33\/2025\/06\/ajuste_cronograma-1638x2048.jpeg 1638w, https:\/\/extensao.ifg.edu.br\/futurodigital\/wp-content\/uploads\/sites\/33\/2025\/06\/ajuste_cronograma.jpeg 2047w\" sizes=\"(max-width: 819px) 100vw, 819px\" \/><\/figure>\n\n\n\n<figure class=\"wp-block-image size-large\"><img loading=\"lazy\" decoding=\"async\" width=\"819\" height=\"1024\" src=\"https:\/\/extensao.ifg.edu.br\/futurodigital\/wp-content\/uploads\/sites\/33\/2025\/06\/ajuste_cronograma-1-819x1024.jpeg\" alt=\"\" class=\"wp-image-210\" srcset=\"https:\/\/extensao.ifg.edu.br\/futurodigital\/wp-content\/uploads\/sites\/33\/2025\/06\/ajuste_cronograma-1-819x1024.jpeg 819w, https:\/\/extensao.ifg.edu.br\/futurodigital\/wp-content\/uploads\/sites\/33\/2025\/06\/ajuste_cronograma-1-240x300.jpeg 240w, https:\/\/extensao.ifg.edu.br\/futurodigital\/wp-content\/uploads\/sites\/33\/2025\/06\/ajuste_cronograma-1-768x960.jpeg 768w, https:\/\/extensao.ifg.edu.br\/futurodigital\/wp-content\/uploads\/sites\/33\/2025\/06\/ajuste_cronograma-1-1228x1536.jpeg 1228w, https:\/\/extensao.ifg.edu.br\/futurodigital\/wp-content\/uploads\/sites\/33\/2025\/06\/ajuste_cronograma-1-1638x2048.jpeg 1638w, https:\/\/extensao.ifg.edu.br\/futurodigital\/wp-content\/uploads\/sites\/33\/2025\/06\/ajuste_cronograma-1.jpeg 2047w\" sizes=\"(max-width: 819px) 100vw, 819px\" \/><\/figure>\n\n\n\n<figure class=\"wp-block-image size-large\"><img loading=\"lazy\" decoding=\"async\" width=\"819\" height=\"1024\" src=\"https:\/\/extensao.ifg.edu.br\/futurodigital\/wp-content\/uploads\/sites\/33\/2025\/06\/ajuste_cronograma-2-819x1024.jpeg\" alt=\"\" class=\"wp-image-211\" srcset=\"https:\/\/extensao.ifg.edu.br\/futurodigital\/wp-content\/uploads\/sites\/33\/2025\/06\/ajuste_cronograma-2-819x1024.jpeg 819w, https:\/\/extensao.ifg.edu.br\/futurodigital\/wp-content\/uploads\/sites\/33\/2025\/06\/ajuste_cronograma-2-240x300.jpeg 240w, https:\/\/extensao.ifg.edu.br\/futurodigital\/wp-content\/uploads\/sites\/33\/2025\/06\/ajuste_cronograma-2-768x960.jpeg 768w, https:\/\/extensao.ifg.edu.br\/futurodigital\/wp-content\/uploads\/sites\/33\/2025\/06\/ajuste_cronograma-2-1228x1536.jpeg 1228w, https:\/\/extensao.ifg.edu.br\/futurodigital\/wp-content\/uploads\/sites\/33\/2025\/06\/ajuste_cronograma-2-1638x2048.jpeg 1638w, https:\/\/extensao.ifg.edu.br\/futurodigital\/wp-content\/uploads\/sites\/33\/2025\/06\/ajuste_cronograma-2.jpeg 2047w\" sizes=\"(max-width: 819px) 100vw, 819px\" \/><\/figure>\n\n\n\n<figure class=\"wp-block-image size-large\"><img loading=\"lazy\" decoding=\"async\" width=\"819\" height=\"1024\" src=\"https:\/\/extensao.ifg.edu.br\/futurodigital\/wp-content\/uploads\/sites\/33\/2025\/06\/ajuste_cronograma-3-819x1024.jpeg\" alt=\"\" class=\"wp-image-212\" srcset=\"https:\/\/extensao.ifg.edu.br\/futurodigital\/wp-content\/uploads\/sites\/33\/2025\/06\/ajuste_cronograma-3-819x1024.jpeg 819w, https:\/\/extensao.ifg.edu.br\/futurodigital\/wp-content\/uploads\/sites\/33\/2025\/06\/ajuste_cronograma-3-240x300.jpeg 240w, https:\/\/extensao.ifg.edu.br\/futurodigital\/wp-content\/uploads\/sites\/33\/2025\/06\/ajuste_cronograma-3-768x960.jpeg 768w, https:\/\/extensao.ifg.edu.br\/futurodigital\/wp-content\/uploads\/sites\/33\/2025\/06\/ajuste_cronograma-3-1228x1536.jpeg 1228w, https:\/\/extensao.ifg.edu.br\/futurodigital\/wp-content\/uploads\/sites\/33\/2025\/06\/ajuste_cronograma-3-1638x2048.jpeg 1638w, https:\/\/extensao.ifg.edu.br\/futurodigital\/wp-content\/uploads\/sites\/33\/2025\/06\/ajuste_cronograma-3.jpeg 2047w\" sizes=\"(max-width: 819px) 100vw, 819px\" \/><\/figure>\n","protected":false},"excerpt":{"rendered":"<p>O cronograma do processo seletivo do Programa Bolsa Futuro Digital foi ajustado. As mudan\u00e7as impactam especialmente as etapas de avalia\u00e7\u00e3o dos v\u00eddeos, divulga\u00e7\u00e3o do resultado final, per\u00edodo de matr\u00edcula e in\u00edcio das aulas. A atualiza\u00e7\u00e3o visa garantir mais tempo para avalia\u00e7\u00e3o e organiza\u00e7\u00e3o das pr\u00f3ximas fases do processo, promovendo uma melhor experi\u00eancia para todos os [&hellip;]<\/p>\n","protected":false},"author":3,"featured_media":209,"comment_status":"open","ping_status":"open","sticky":false,"template":"","format":"standard","meta":{"site-sidebar-layout":"default","site-content-layout":"","ast-site-content-layout":"default","site-content-style":"default","site-sidebar-style":"default","ast-global-header-display":"","ast-banner-title-visibility":"","ast-main-header-display":"","ast-hfb-above-header-display":"","ast-hfb-below-header-display":"","ast-hfb-mobile-header-display":"","site-post-title":"","ast-breadcrumbs-content":"","ast-featured-img":"","footer-sml-layout":"","ast-disable-related-posts":"","theme-transparent-header-meta":"","adv-header-id-meta":"","stick-header-meta":"","header-above-stick-meta":"","header-main-stick-meta":"","header-below-stick-meta":"","astra-migrate-meta-layouts":"default","ast-page-background-enabled":"default","ast-page-background-meta":{"desktop":{"background-color":"var(--ast-global-color-5)","background-image":"","background-repeat":"repeat","background-position":"center center","background-size":"auto","background-attachment":"scroll","background-type":"","background-media":"","overlay-type":"","overlay-color":"","overlay-opacity":"","overlay-gradient":""},"tablet":{"background-color":"","background-image":"","background-repeat":"repeat","background-position":"center center","background-size":"auto","background-attachment":"scroll","background-type":"","background-media":"","overlay-type":"","overlay-color":"","overlay-opacity":"","overlay-gradient":""},"mobile":{"background-color":"","background-image":"","background-repeat":"repeat","background-position":"center center","background-size":"auto","background-attachment":"scroll","background-type":"","background-media":"","overlay-type":"","overlay-color":"","overlay-opacity":"","overlay-gradient":""}},"ast-content-background-meta":{"desktop":{"background-color":"var(--ast-global-color-4)","background-image":"","background-repeat":"repeat","background-position":"center center","background-size":"auto","background-attachment":"scroll","background-type":"","background-media":"","overlay-type":"","overlay-color":"","overlay-opacity":"","overlay-gradient":""},"tablet":{"background-color":"var(--ast-global-color-4)","background-image":"","background-repeat":"repeat","background-position":"center center","background-size":"auto","background-attachment":"scroll","background-type":"","background-media":"","overlay-type":"","overlay-color":"","overlay-opacity":"","overlay-gradient":""},"mobile":{"background-color":"var(--ast-global-color-4)","background-image":"","background-repeat":"repeat","background-position":"center center","background-size":"auto","background-attachment":"scroll","background-type":"","background-media":"","overlay-type":"","overlay-color":"","overlay-opacity":"","overlay-gradient":""}},"_links_to":"","_links_to_type":0,"footnotes":""},"categories":[1],"tags":[],"class_list":["post-208","post","type-post","status-publish","format-standard","has-post-thumbnail","hentry","category-noticias"],"_links":{"self":[{"href":"https:\/\/extensao.ifg.edu.br\/futurodigital\/wp-json\/wp\/v2\/posts\/208"}],"collection":[{"href":"https:\/\/extensao.ifg.edu.br\/futurodigital\/wp-json\/wp\/v2\/posts"}],"about":[{"href":"https:\/\/extensao.ifg.edu.br\/futurodigital\/wp-json\/wp\/v2\/types\/post"}],"author":[{"embeddable":true,"href":"https:\/\/extensao.ifg.edu.br\/futurodigital\/wp-json\/wp\/v2\/users\/3"}],"replies":[{"embeddable":true,"href":"https:\/\/extensao.ifg.edu.br\/futurodigital\/wp-json\/wp\/v2\/comments?post=208"}],"version-history":[{"count":5,"href":"https:\/\/extensao.ifg.edu.br\/futurodigital\/wp-json\/wp\/v2\/posts\/208\/revisions"}],"predecessor-version":[{"id":220,"href":"https:\/\/extensao.ifg.edu.br\/futurodigital\/wp-json\/wp\/v2\/posts\/208\/revisions\/220"}],"wp:featuredmedia":[{"embeddable":true,"href":"https:\/\/extensao.ifg.edu.br\/futurodigital\/wp-json\/wp\/v2\/media\/209"}],"wp:attachment":[{"href":"https:\/\/extensao.ifg.edu.br\/futurodigital\/wp-json\/wp\/v2\/media?parent=208"}],"wp:term":[{"taxonomy":"category","embeddable":true,"href":"https:\/\/extensao.ifg.edu.br\/futurodigital\/wp-json\/wp\/v2\/categories?post=208"},{"taxonomy":"post_tag","embeddable":true,"href":"https:\/\/extensao.ifg.edu.br\/futurodigital\/wp-json\/wp\/v2\/tags?post=208"}],"curies":[{"name":"wp","href":"https:\/\/api.w.org\/{rel}","templated":true}]}}