{"id":318,"date":"2022-10-12T23:55:16","date_gmt":"2022-10-13T02:55:16","guid":{"rendered":"https:\/\/extensao.ifg.edu.br\/cienciafeitaaqui\/?p=318"},"modified":"2022-12-20T10:42:09","modified_gmt":"2022-12-20T13:42:09","slug":"janaina-ferreira-fernandes-pesquisadora","status":"publish","type":"post","link":"https:\/\/extensao.ifg.edu.br\/cienciafeitaaqui\/2022\/10\/12\/janaina-ferreira-fernandes-pesquisadora\/","title":{"rendered":"Jana\u00edna Ferreira Fernandes &#8211; Antrop\u00f3loga"},"content":{"rendered":"<p><span style=\"font-weight: 400\"><strong>Jana\u00edna Ferreira Fernandes<\/strong> tem <\/span><span style=\"font-weight: 400\">gradua\u00e7\u00e3o em Direito e Ci\u00eancias Sociais, com habilita\u00e7\u00e3o em Antropologia, mestrado em Antropologia Social e doutorado em Antropologia, todos pela UnB (Universidade de Bras\u00edlia). \u00c9 professora de Sociologia no IFG \u2013 Formosa desde 2016 e tem experi\u00eancia de pesquisa na \u00e1rea de Antropologia, com \u00eanfase em Etnologia Ind\u00edgena, e desde 2011 ela atua junto ao povo ind\u00edgena Trememb\u00e9 de Almofala.<\/span><\/p>\n<p><img loading=\"lazy\" decoding=\"async\" class=\"alignnone size-full wp-image-319\" src=\"https:\/\/extensao.ifg.edu.br\/cienciafeitaaqui\/wp-content\/uploads\/sites\/16\/2022\/10\/Cards-inicial-Jana\u00edna.png\" alt=\"Cards inicial - Jana\u00edna\" width=\"2000\" height=\"2000\" \/><\/p>\n<p style=\"text-align: center\"><strong>Foi lan\u00e7ado o epis\u00f3dio com a participa\u00e7\u00e3o da professora\/pesquisadora Jana\u00edna<\/strong><\/p>\n<p><strong>Voc\u00ea pode ouvir diretamente por uma dessas plataformas:<\/strong><\/p>\n<p><strong>Spotify:\u00a0<a href=\"https:\/\/open.spotify.com\/show\/09KPYMsDeOAllcf46zJvaX\">https:\/\/open.spotify.com\/show\/09KPYMsDeOAllcf46zJvaX<\/a><\/strong><\/p>\n<p><strong>Youtube:\u00a0<a href=\"https:\/\/www.youtube.com\/channel\/UCBb63SbS5lbo7ESm-QKvaSQ\">https:\/\/www.youtube.com\/channel\/UCBb63SbS5lbo7ESm-QKvaSQ<\/a><\/strong><\/p>\n<p><strong>Anchor:\u00a0<a href=\"https:\/\/anchor.fm\/cincia-feita-aqui\">https:\/\/anchor.fm\/cincia-feita-aqui<\/a><\/strong><\/p>\n<p><strong>Eduplay:\u00a0<a href=\"https:\/\/eduplay.rnp.br\/portal\/podcast\/145353\">https:\/\/eduplay.rnp.br\/portal\/podcast\/145353<\/a><\/strong><\/p>\n<p><img loading=\"lazy\" decoding=\"async\" class=\"alignnone size-full wp-image-320\" src=\"https:\/\/extensao.ifg.edu.br\/cienciafeitaaqui\/wp-content\/uploads\/sites\/16\/2022\/10\/Cards-de-lan\u00e7amento-Jana\u00edna.png\" alt=\"Cards de lan\u00e7amento - Jana\u00edna\" width=\"2000\" height=\"2000\" \/><\/p>\n<p>&nbsp;<\/p>\n","protected":false},"excerpt":{"rendered":"<p>Jana\u00edna Ferreira Fernandes tem gradua\u00e7\u00e3o em Direito e Ci\u00eancias Sociais, com habilita\u00e7\u00e3o em Antropologia, mestrado em Antropologia Social e doutorado em Antropologia, todos pela UnB (Universidade de Bras\u00edlia). \u00c9 professora de Sociologia no IFG \u2013 Formosa desde 2016 e tem experi\u00eancia de pesquisa na \u00e1rea de Antropologia, com \u00eanfase em Etnologia Ind\u00edgena, e desde 2011 [&hellip;]<\/p>\n","protected":false},"author":63,"featured_media":319,"comment_status":"open","ping_status":"open","sticky":false,"template":"","format":"standard","meta":{"_links_to":"","_links_to_type":0,"footnotes":""},"categories":[1],"tags":[],"class_list":["post-318","post","type-post","status-publish","format-standard","has-post-thumbnail","hentry","category-categoria"],"_links":{"self":[{"href":"https:\/\/extensao.ifg.edu.br\/cienciafeitaaqui\/wp-json\/wp\/v2\/posts\/318"}],"collection":[{"href":"https:\/\/extensao.ifg.edu.br\/cienciafeitaaqui\/wp-json\/wp\/v2\/posts"}],"about":[{"href":"https:\/\/extensao.ifg.edu.br\/cienciafeitaaqui\/wp-json\/wp\/v2\/types\/post"}],"author":[{"embeddable":true,"href":"https:\/\/extensao.ifg.edu.br\/cienciafeitaaqui\/wp-json\/wp\/v2\/users\/63"}],"replies":[{"embeddable":true,"href":"https:\/\/extensao.ifg.edu.br\/cienciafeitaaqui\/wp-json\/wp\/v2\/comments?post=318"}],"version-history":[{"count":3,"href":"https:\/\/extensao.ifg.edu.br\/cienciafeitaaqui\/wp-json\/wp\/v2\/posts\/318\/revisions"}],"predecessor-version":[{"id":348,"href":"https:\/\/extensao.ifg.edu.br\/cienciafeitaaqui\/wp-json\/wp\/v2\/posts\/318\/revisions\/348"}],"wp:featuredmedia":[{"embeddable":true,"href":"https:\/\/extensao.ifg.edu.br\/cienciafeitaaqui\/wp-json\/wp\/v2\/media\/319"}],"wp:attachment":[{"href":"https:\/\/extensao.ifg.edu.br\/cienciafeitaaqui\/wp-json\/wp\/v2\/media?parent=318"}],"wp:term":[{"taxonomy":"category","embeddable":true,"href":"https:\/\/extensao.ifg.edu.br\/cienciafeitaaqui\/wp-json\/wp\/v2\/categories?post=318"},{"taxonomy":"post_tag","embeddable":true,"href":"https:\/\/extensao.ifg.edu.br\/cienciafeitaaqui\/wp-json\/wp\/v2\/tags?post=318"}],"curies":[{"name":"wp","href":"https:\/\/api.w.org\/{rel}","templated":true}]}}