{"id":267,"date":"2022-05-05T19:45:50","date_gmt":"2022-05-05T22:45:50","guid":{"rendered":"https:\/\/extensao.ifg.edu.br\/cienciafeitaaqui\/?p=267"},"modified":"2022-05-05T19:45:50","modified_gmt":"2022-05-05T22:45:50","slug":"thiago-damasceno-historiador","status":"publish","type":"post","link":"https:\/\/extensao.ifg.edu.br\/cienciafeitaaqui\/2022\/05\/05\/thiago-damasceno-historiador\/","title":{"rendered":"Thiago Damasceno &#8211; Historiador"},"content":{"rendered":"<p><strong>Thiago Damasceno Milhomem<\/strong>, doutorando e mestre em Hist\u00f3ria pela Universidade Federal de Goi\u00e1s (UFG), graduado em Licenciatura em Hist\u00f3ria (UEG) e pesquisador do N\u00facleo de estudos da Cultura, Linguagens e suas Tecnologias (NECULT). Em sua trajet\u00f3ria acad\u00eamica, pesquisou relatos de viagens \u00e1rabes medievais, como os dos mu\u00e7ulmanos Ibn Jubayr (s\u00e9culo XII) e Ibn Battuta (s\u00e9culo XIV). Atualmente, pesquisa Alandalus, a Peninsula Ib\u00e9rica medieval sob dom\u00ednio isl\u00e2mico. Tamb\u00e9m estuda religi\u00f5es, Idade M\u00e9dia, hist\u00f3ria \u00e1rabe-isl\u00e2mica, Oriente M\u00e9dio e temas afins. Produtor de conte\u00fado no canal do YouTube\/perfil no Instagram Hist\u00f3ria na Medina &#8211; (@historianamedina).<\/p>\n<p><img loading=\"lazy\" decoding=\"async\" class=\"alignnone size-full wp-image-237\" src=\"https:\/\/extensao.ifg.edu.br\/cienciafeitaaqui\/wp-content\/uploads\/sites\/16\/2022\/03\/Thiago-Damasceno.card1_.png\" alt=\"Thiago Damasceno.card1\" width=\"2000\" height=\"2000\" \/><\/p>\n<p style=\"text-align: center\"><strong>Foi lan\u00e7ado o epis\u00f3dio com a participa\u00e7\u00e3o\u00a0 do historiador Thiago Damasceno<\/strong><\/p>\n<p><strong>Voc\u00ea pode ouvir diretamente por uma dessas plataformas:<\/strong><\/p>\n<p><strong>Spotify:\u00a0<a href=\"https:\/\/open.spotify.com\/show\/09KPYMsDeOAllcf46zJvaX\">https:\/\/open.spotify.com\/show\/09KPYMsDeOAllcf46zJvaX<\/a><\/strong><\/p>\n<p><strong>Youtube:\u00a0<a href=\"https:\/\/www.youtube.com\/channel\/UCBb63SbS5lbo7ESm-QKvaSQ\">https:\/\/www.youtube.com\/channel\/UCBb63SbS5lbo7ESm-QKvaSQ<\/a><\/strong><\/p>\n<p><strong>Anchor:\u00a0<a href=\"https:\/\/anchor.fm\/cincia-feita-aqui\">https:\/\/anchor.fm\/cincia-feita-aqui<\/a><\/strong><\/p>\n<p><strong>Eduplay:\u00a0<a href=\"https:\/\/eduplay.rnp.br\/portal\/podcast\/145353\">https:\/\/eduplay.rnp.br\/portal\/podcast\/145353<\/a><\/strong><img loading=\"lazy\" decoding=\"async\" class=\"alignnone size-full wp-image-238\" src=\"https:\/\/extensao.ifg.edu.br\/cienciafeitaaqui\/wp-content\/uploads\/sites\/16\/2022\/03\/Thiago-Damasceno.card2_.2.png\" alt=\"Thiago Damasceno.card2.2\" width=\"2000\" height=\"2000\" \/><\/p>\n","protected":false},"excerpt":{"rendered":"<p>Thiago Damasceno Milhomem, doutorando e mestre em Hist\u00f3ria pela Universidade Federal de Goi\u00e1s (UFG), graduado em Licenciatura em Hist\u00f3ria (UEG) e pesquisador do N\u00facleo de estudos da Cultura, Linguagens e suas Tecnologias (NECULT). Em sua trajet\u00f3ria acad\u00eamica, pesquisou relatos de viagens \u00e1rabes medievais, como os dos mu\u00e7ulmanos Ibn Jubayr (s\u00e9culo XII) e Ibn Battuta (s\u00e9culo [&hellip;]<\/p>\n","protected":false},"author":63,"featured_media":237,"comment_status":"open","ping_status":"open","sticky":false,"template":"","format":"standard","meta":{"_links_to":"","_links_to_type":0,"footnotes":""},"categories":[1,3],"tags":[],"class_list":["post-267","post","type-post","status-publish","format-standard","has-post-thumbnail","hentry","category-categoria","category-episodios"],"_links":{"self":[{"href":"https:\/\/extensao.ifg.edu.br\/cienciafeitaaqui\/wp-json\/wp\/v2\/posts\/267"}],"collection":[{"href":"https:\/\/extensao.ifg.edu.br\/cienciafeitaaqui\/wp-json\/wp\/v2\/posts"}],"about":[{"href":"https:\/\/extensao.ifg.edu.br\/cienciafeitaaqui\/wp-json\/wp\/v2\/types\/post"}],"author":[{"embeddable":true,"href":"https:\/\/extensao.ifg.edu.br\/cienciafeitaaqui\/wp-json\/wp\/v2\/users\/63"}],"replies":[{"embeddable":true,"href":"https:\/\/extensao.ifg.edu.br\/cienciafeitaaqui\/wp-json\/wp\/v2\/comments?post=267"}],"version-history":[{"count":1,"href":"https:\/\/extensao.ifg.edu.br\/cienciafeitaaqui\/wp-json\/wp\/v2\/posts\/267\/revisions"}],"predecessor-version":[{"id":268,"href":"https:\/\/extensao.ifg.edu.br\/cienciafeitaaqui\/wp-json\/wp\/v2\/posts\/267\/revisions\/268"}],"wp:featuredmedia":[{"embeddable":true,"href":"https:\/\/extensao.ifg.edu.br\/cienciafeitaaqui\/wp-json\/wp\/v2\/media\/237"}],"wp:attachment":[{"href":"https:\/\/extensao.ifg.edu.br\/cienciafeitaaqui\/wp-json\/wp\/v2\/media?parent=267"}],"wp:term":[{"taxonomy":"category","embeddable":true,"href":"https:\/\/extensao.ifg.edu.br\/cienciafeitaaqui\/wp-json\/wp\/v2\/categories?post=267"},{"taxonomy":"post_tag","embeddable":true,"href":"https:\/\/extensao.ifg.edu.br\/cienciafeitaaqui\/wp-json\/wp\/v2\/tags?post=267"}],"curies":[{"name":"wp","href":"https:\/\/api.w.org\/{rel}","templated":true}]}}